{"id":1066,"date":"2020-05-06T18:28:31","date_gmt":"2020-05-06T16:28:31","guid":{"rendered":"http:\/\/www.regatacrucero.com\/?p=1066"},"modified":"2020-05-17T22:26:01","modified_gmt":"2020-05-17T20:26:01","slug":"no-habra-regatas-como-minimo-hasta-el-mes-de-julio-la-comision-delegada-de-la-rfev-aplica-una-nueva-prorroga-a-las-competiciones-hasta-el-30-de-junio","status":"publish","type":"post","link":"https:\/\/www.regatacrucero.com\/index.php\/2020\/05\/06\/no-habra-regatas-como-minimo-hasta-el-mes-de-julio-la-comision-delegada-de-la-rfev-aplica-una-nueva-prorroga-a-las-competiciones-hasta-el-30-de-junio\/","title":{"rendered":"No habr\u00e1 regatas como m\u00ednimo hasta el mes de julio. La Comisi\u00f3n Delegada de la RFEV aplica una nueva pr\u00f3rroga a las competiciones hasta el 30 de junio"},"content":{"rendered":"\t\t<div data-elementor-type=\"wp-post\" data-elementor-id=\"1066\" class=\"elementor elementor-1066\" data-elementor-settings=\"[]\">\n\t\t\t\t\t\t<div class=\"elementor-inner\">\n\t\t\t\t\t\t\t<div class=\"elementor-section-wrap\">\n\t\t\t\t\t\t\t<section class=\"elementor-section elementor-top-section elementor-element elementor-element-8130800 elementor-section-boxed elementor-section-height-default elementor-section-height-default\" data-id=\"8130800\" data-element_type=\"section\">\n\t\t\t\t\t\t<div class=\"elementor-container elementor-column-gap-default\">\n\t\t\t\t\t\t\t<div class=\"elementor-row\">\n\t\t\t\t\t<div class=\"elementor-column elementor-col-100 elementor-top-column elementor-element elementor-element-7c03348\" data-id=\"7c03348\" data-element_type=\"column\">\n\t\t\t<div class=\"elementor-column-wrap elementor-element-populated\">\n\t\t\t\t\t\t\t<div class=\"elementor-widget-wrap\">\n\t\t\t\t\t\t<div class=\"elementor-element elementor-element-38d3e38 elementor-widget elementor-widget-text-editor\" data-id=\"38d3e38\" data-element_type=\"widget\" data-widget_type=\"text-editor.default\">\n\t\t\t\t<div class=\"elementor-widget-container\">\n\t\t\t\t\t\t\t\t<div class=\"elementor-text-editor elementor-clearfix\">\n\t\t\t\t\t<p>Era un secreto a voces ya la semana pasada, de que la\u00a0<strong>RFEV<\/strong>\u00a0<a href=\"http:\/\/bit.ly\/2THcks6\">prorrogar\u00eda<\/a>\u00a0una vez m\u00e1s las competiciones y lo hace por dos meses m\u00e1s. Es decir\u00a0<strong>hasta el 30 de junio de 2020<\/strong>. La fecha que hab\u00eda emitido la<strong>\u00a0Comisi\u00f3n Delegada<\/strong>\u00a0en la\u00a0<a href=\"https:\/\/bit.ly\/3bvYMFI\">anterior comunicaci\u00f3n (26 de marzo) finalizaba el\u00a0<strong>17 de mayo.<\/strong><\/a>\u00a0Este martes la RFEV ha oficializado a trav\u00e9s de las redes sociales esta nueva pr\u00f3rroga.<\/p><p>Regatas que en un principio estaban fuera del plazo marcado por la federaci\u00f3n, caso del\u00a0<strong>Trofeo Conde de God\u00f3 CaixaBank<\/strong>, que deb\u00eda de celebrarse el \u00faltimo fin de semana de mayo, vi\u00e9ndoselas venir ya los aplaz\u00f3 a mediados de julio. Otras competiciones como el\u00a0<strong>GP Catalunya de Windsurf<\/strong>\u00a0que se deb\u00eda de celebrar del 19 al 24 de mayo en la\u00a0<strong>Ballena Alegre<\/strong>\u00a0o el\u00a0<strong>Mundial de Clase A<\/strong>\u00a0en\u00a0<strong>Puerto Sherry<\/strong>, directamente cancelaron las respectivas citas y el\u00a0<strong>Multieuropeo<\/strong>\u00a0de\u00a0<strong>Hobie Cat<\/strong>\u00a0que se disputaba en\u00a0<strong>Sant Pere Pescador<\/strong>\u00a0a caballo entre junio y julio, se ha aplazado a 2021.<\/p><p><strong>La decisi\u00f3n tomada por la Comisi\u00f3n Delegada es la siguiente:<\/strong><\/p><ol><li><strong>Aplazar todas las competiciones oficiales de la RFEV en todas sus especialidades hasta el pr\u00f3ximo 30 de junio 2020<\/strong>, a excepci\u00f3n de las regatas virtuales organizadas por esta Federaci\u00f3n.<\/li><li>Coordinar con las Federaciones Auton\u00f3micas, Clubes Organizadores, Secretar\u00edas de Clases y \u00c1rea de Competiciones de esta RFEV, la posible celebraci\u00f3n de algunas de estas regatas en fechas posteriores, as\u00ed como la posible cancelaci\u00f3n definitiva de otras, teniendo en cuenta a la hora de reprogramar, especialmente en vela infantil y juvenil, el conciliar el calendario de regatas con los clasificatorios auton\u00f3micos, curso escolar y el calendario de los eventos internacionales.<\/li><li>Estudiar en cada clase, la necesidad de modificar el sistema clasificatorio de los equipos nacionales para su participaci\u00f3n en regatas internacionales, as\u00ed como la definitiva composici\u00f3n de estos equipos.<\/li><li>Esta decisi\u00f3n podr\u00e1 verse modificada a partir de la fecha indicada por las directrices demanadas en cada momento por las autoridades deportivas y sanitarias.<\/li><\/ol><p style=\"text-align: right;\">Jaume Soler<\/p>\t\t\t\t\t<\/div>\n\t\t\t\t\t\t<\/div>\n\t\t\t\t<\/div>\n\t\t\t\t\t\t<\/div>\n\t\t\t\t\t<\/div>\n\t\t<\/div>\n\t\t\t\t\t\t\t\t<\/div>\n\t\t\t\t\t<\/div>\n\t\t<\/section>\n\t\t\t\t<section class=\"elementor-section elementor-top-section elementor-element elementor-element-f040163 elementor-section-boxed elementor-section-height-default elementor-section-height-default\" data-id=\"f040163\" data-element_type=\"section\">\n\t\t\t\t\t\t<div class=\"elementor-container elementor-column-gap-default\">\n\t\t\t\t\t\t\t<div class=\"elementor-row\">\n\t\t\t\t\t<div class=\"elementor-column elementor-col-100 elementor-top-column elementor-element elementor-element-e1aab6a\" data-id=\"e1aab6a\" data-element_type=\"column\">\n\t\t\t<div class=\"elementor-column-wrap elementor-element-populated\">\n\t\t\t\t\t\t\t<div class=\"elementor-widget-wrap\">\n\t\t\t\t\t\t<div class=\"elementor-element elementor-element-431a999 elementor-share-buttons--view-text elementor-share-buttons--skin-flat elementor-share-buttons--shape-rounded elementor-grid-0 elementor-share-buttons--color-official elementor-widget elementor-widget-share-buttons\" data-id=\"431a999\" data-element_type=\"widget\" data-widget_type=\"share-buttons.default\">\n\t\t\t\t<div class=\"elementor-widget-container\">\n\t\t\t\t\t<div class=\"elementor-grid\">\n\t\t\t\t\t\t\t\t<div class=\"elementor-grid-item\">\n\t\t\t\t\t\t<div class=\"elementor-share-btn elementor-share-btn_facebook\">\n\t\t\t\t\t\t\t\t\t\t\t\t\t\t\t\t\t\t\t\t\t\t<div class=\"elementor-share-btn__text\">\n\t\t\t\t\t\t\t\t\t\t\t\t\t\t\t\t\t\t\t<span class=\"elementor-share-btn__title\">\n\t\t\t\t\t\t\t\t\t\tFacebook\t\t\t\t\t\t\t\t\t<\/span>\n\t\t\t\t\t\t\t\t\t\t\t\t\t\t\t\t\t<\/div>\n\t\t\t\t\t\t\t\t\t\t\t\t\t<\/div>\n\t\t\t\t\t<\/div>\n\t\t\t\t\t\t\t\t\t<div class=\"elementor-grid-item\">\n\t\t\t\t\t\t<div class=\"elementor-share-btn elementor-share-btn_whatsapp\">\n\t\t\t\t\t\t\t\t\t\t\t\t\t\t\t\t\t\t\t\t\t\t<div class=\"elementor-share-btn__text\">\n\t\t\t\t\t\t\t\t\t\t\t\t\t\t\t\t\t\t\t<span class=\"elementor-share-btn__title\">\n\t\t\t\t\t\t\t\t\t\tWhatsApp\t\t\t\t\t\t\t\t\t<\/span>\n\t\t\t\t\t\t\t\t\t\t\t\t\t\t\t\t\t<\/div>\n\t\t\t\t\t\t\t\t\t\t\t\t\t<\/div>\n\t\t\t\t\t<\/div>\n\t\t\t\t\t\t<\/div>\n\t\t\t\t<\/div>\n\t\t\t\t<\/div>\n\t\t\t\t\t\t<\/div>\n\t\t\t\t\t<\/div>\n\t\t<\/div>\n\t\t\t\t\t\t\t\t<\/div>\n\t\t\t\t\t<\/div>\n\t\t<\/section>\n\t\t\t\t\t\t<\/div>\n\t\t\t\t\t\t<\/div>\n\t\t\t\t\t<\/div>\n\t\t","protected":false},"excerpt":{"rendered":"<p>Era un secreto a voces ya la semana pasada, de que la\u00a0RFEV\u00a0prorrogar\u00eda\u00a0una vez m\u00e1s las competiciones y lo hace por dos meses m\u00e1s. Es decir\u00a0hasta el 30 de junio de 2020. La fecha que hab\u00eda emitido la\u00a0Comisi\u00f3n Delegada\u00a0en la\u00a0anterior comunicaci\u00f3n&#8230; <a class=\"more-link\" href=\"https:\/\/www.regatacrucero.com\/index.php\/2020\/05\/06\/no-habra-regatas-como-minimo-hasta-el-mes-de-julio-la-comision-delegada-de-la-rfev-aplica-una-nueva-prorroga-a-las-competiciones-hasta-el-30-de-junio\/\">Seguir leyendo &rarr;<\/a><\/p>\n","protected":false},"author":2,"featured_media":1068,"comment_status":"closed","ping_status":"closed","sticky":false,"template":"","format":"standard","meta":{"_monsterinsights_skip_tracking":false,"_monsterinsights_sitenote_active":false,"_monsterinsights_sitenote_note":"","_monsterinsights_sitenote_category":0,"footnotes":""},"categories":[1],"tags":[],"class_list":["post-1066","post","type-post","status-publish","format-standard","has-post-thumbnail","hentry","category-uncategorized"],"_links":{"self":[{"href":"https:\/\/www.regatacrucero.com\/index.php\/wp-json\/wp\/v2\/posts\/1066","targetHints":{"allow":["GET"]}}],"collection":[{"href":"https:\/\/www.regatacrucero.com\/index.php\/wp-json\/wp\/v2\/posts"}],"about":[{"href":"https:\/\/www.regatacrucero.com\/index.php\/wp-json\/wp\/v2\/types\/post"}],"author":[{"embeddable":true,"href":"https:\/\/www.regatacrucero.com\/index.php\/wp-json\/wp\/v2\/users\/2"}],"replies":[{"embeddable":true,"href":"https:\/\/www.regatacrucero.com\/index.php\/wp-json\/wp\/v2\/comments?post=1066"}],"version-history":[{"count":5,"href":"https:\/\/www.regatacrucero.com\/index.php\/wp-json\/wp\/v2\/posts\/1066\/revisions"}],"predecessor-version":[{"id":1210,"href":"https:\/\/www.regatacrucero.com\/index.php\/wp-json\/wp\/v2\/posts\/1066\/revisions\/1210"}],"wp:featuredmedia":[{"embeddable":true,"href":"https:\/\/www.regatacrucero.com\/index.php\/wp-json\/wp\/v2\/media\/1068"}],"wp:attachment":[{"href":"https:\/\/www.regatacrucero.com\/index.php\/wp-json\/wp\/v2\/media?parent=1066"}],"wp:term":[{"taxonomy":"category","embeddable":true,"href":"https:\/\/www.regatacrucero.com\/index.php\/wp-json\/wp\/v2\/categories?post=1066"},{"taxonomy":"post_tag","embeddable":true,"href":"https:\/\/www.regatacrucero.com\/index.php\/wp-json\/wp\/v2\/tags?post=1066"}],"curies":[{"name":"wp","href":"https:\/\/api.w.org\/{rel}","templated":true}]}}