{"id":2235,"date":"2020-09-04T19:57:50","date_gmt":"2020-09-04T17:57:50","guid":{"rendered":"http:\/\/www.regatacrucero.com\/?p=2235"},"modified":"2020-09-04T20:05:30","modified_gmt":"2020-09-04T18:05:30","slug":"malaga-sailing-cup","status":"publish","type":"post","link":"https:\/\/www.regatacrucero.com\/index.php\/2020\/09\/04\/malaga-sailing-cup\/","title":{"rendered":"M\u00e1laga Sailing Cup"},"content":{"rendered":"\t\t<div data-elementor-type=\"wp-post\" data-elementor-id=\"2235\" class=\"elementor elementor-2235\" data-elementor-settings=\"[]\">\n\t\t\t\t\t\t<div class=\"elementor-inner\">\n\t\t\t\t\t\t\t<div class=\"elementor-section-wrap\">\n\t\t\t\t\t\t\t<section class=\"elementor-section elementor-top-section elementor-element elementor-element-94607a2 elementor-section-boxed elementor-section-height-default elementor-section-height-default\" data-id=\"94607a2\" data-element_type=\"section\">\n\t\t\t\t\t\t<div class=\"elementor-container elementor-column-gap-default\">\n\t\t\t\t\t\t\t<div class=\"elementor-row\">\n\t\t\t\t\t<div class=\"elementor-column elementor-col-100 elementor-top-column elementor-element elementor-element-fd0b454\" data-id=\"fd0b454\" data-element_type=\"column\">\n\t\t\t<div class=\"elementor-column-wrap elementor-element-populated\">\n\t\t\t\t\t\t\t<div class=\"elementor-widget-wrap\">\n\t\t\t\t\t\t<div class=\"elementor-element elementor-element-b94609a elementor-widget elementor-widget-text-editor\" data-id=\"b94609a\" data-element_type=\"widget\" data-widget_type=\"text-editor.default\">\n\t\t\t\t<div class=\"elementor-widget-container\">\n\t\t\t\t\t\t\t\t<div class=\"elementor-text-editor elementor-clearfix\">\n\t\t\t\t\t<p><strong>\u2018PD Benalm\u00e1dena\u2019 en ORC 2, \u2018D6\u2019 en ORC 3 y \u2018Silver Fox\u2019 en ORC 4-5, primeros l\u00edderes en la Costa del Sol<\/strong><\/p><p>Fuente: M\u00e1laga Sailing Cup<\/p><p>El primer d\u00eda de la regata M\u00e1laga Sailing Cup 2020, sexta y \u00faltima prueba valedera para el Campeonato de Andaluc\u00eda de Crucero Circuito, dej\u00f3 l\u00edder provisional de la clasificaci\u00f3n general al PD Benalm\u00e1dena de Javier Banderas tras la manga celebrada en el mediod\u00eda del viernes. Hab\u00eda muchas ilusiones puestas aunque la intensidad del viento no fue la deseada; por ello\u00a0 s\u00f3lo se disput\u00f3 una de los dos pruebas\u00a0 previstas en esta jornada inaugural. No obstante, se vivi\u00f3 una intensa jornada deportiva en la Marina del Real Club Mediterr\u00e1neo y en las aguas de la bah\u00eda de M\u00e1laga.<\/p><p>Tras la disputa del primer d\u00eda de competici\u00f3n, queda en la categor\u00eda ORC 2 en primer lugar la embarcaci\u00f3n Puerto Deportivo Benalm\u00e1dena, que invirti\u00f3 un tiempo de una hora en realizar la prueba. En categor\u00eda ORC 3 la embarcaci\u00f3n D6 logr\u00f3 la primera plaza (1h:17min), y el Silver Fox logr\u00f3 el triunfo en la clase ORC 4-5 (1h:46min).<br \/><br \/>Tanto los participantes como la propia organizaci\u00f3n estaban pendientes desde el inicio de la jornada del viento y las condiciones que podr\u00edan plantearse a lo largo del d\u00eda. \u201cHemos tenido un viento flojo, de componente sur-oeste. Hemos conseguido hacer una manga, tras aguantar el tiempo l\u00edmite. Para la segunda prueba, al no tener el viento necesario tuvimos que tomar la decisi\u00f3n de aplazar las pruebas y ahora toca esperar a los pr\u00f3ximos d\u00edas\u201d, aseguraba tras la prueba el oficial de regata, Javier Blanco.<\/p><p>\u201cEstamos muy contentos. Hemos hecho una regata casi perfecta, aunque el viento nos ha hecho perder un poco de tiempo\u201d, se\u00f1al\u00f3 el armador de la tripulaci\u00f3n ganadora, Javier Banderas. \u201cUna regata aqu\u00ed en casa es muy especial. Esperemos seguir en esta l\u00ednea los dos d\u00edas que quedan\u201d, termin\u00f3 de explicar el representante del Puerto Deportivo Benalm\u00e1dena.<\/p><p><br \/>Ma\u00f1ana se celebra la segunda jornada con dos pruebas previstas.<\/p>\t\t\t\t\t<\/div>\n\t\t\t\t\t\t<\/div>\n\t\t\t\t<\/div>\n\t\t\t\t\t\t<\/div>\n\t\t\t\t\t<\/div>\n\t\t<\/div>\n\t\t\t\t\t\t\t\t<\/div>\n\t\t\t\t\t<\/div>\n\t\t<\/section>\n\t\t\t\t<section class=\"elementor-section elementor-top-section elementor-element elementor-element-7caefb4 elementor-section-boxed elementor-section-height-default elementor-section-height-default\" data-id=\"7caefb4\" data-element_type=\"section\">\n\t\t\t\t\t\t<div class=\"elementor-container elementor-column-gap-default\">\n\t\t\t\t\t\t\t<div class=\"elementor-row\">\n\t\t\t\t\t<div class=\"elementor-column elementor-col-100 elementor-top-column elementor-element elementor-element-aa71457\" data-id=\"aa71457\" data-element_type=\"column\">\n\t\t\t<div class=\"elementor-column-wrap elementor-element-populated\">\n\t\t\t\t\t\t\t<div class=\"elementor-widget-wrap\">\n\t\t\t\t\t\t<div class=\"elementor-element elementor-element-fe746e5 elementor-share-buttons--view-icon-text elementor-share-buttons--skin-gradient elementor-share-buttons--shape-square elementor-grid-0 elementor-share-buttons--color-official elementor-widget elementor-widget-share-buttons\" data-id=\"fe746e5\" data-element_type=\"widget\" data-widget_type=\"share-buttons.default\">\n\t\t\t\t<div class=\"elementor-widget-container\">\n\t\t\t\t\t<div class=\"elementor-grid\">\n\t\t\t\t\t\t\t\t<div class=\"elementor-grid-item\">\n\t\t\t\t\t\t<div class=\"elementor-share-btn elementor-share-btn_facebook\">\n\t\t\t\t\t\t\t\t\t\t\t\t\t\t\t<span class=\"elementor-share-btn__icon\">\n\t\t\t\t\t\t\t\t<i class=\"fab fa-facebook\"\n\t\t\t\t\t\t\t\t   aria-hidden=\"true\"><\/i>\n\t\t\t\t\t\t\t\t<span\n\t\t\t\t\t\t\t\t\tclass=\"elementor-screen-only\">Share on facebook<\/span>\n\t\t\t\t\t\t\t<\/span>\n\t\t\t\t\t\t\t\t\t\t\t\t\t\t\t\t\t\t\t\t\t\t<div class=\"elementor-share-btn__text\">\n\t\t\t\t\t\t\t\t\t\t\t\t\t\t\t\t\t\t\t<span class=\"elementor-share-btn__title\">\n\t\t\t\t\t\t\t\t\t\tFacebook\t\t\t\t\t\t\t\t\t<\/span>\n\t\t\t\t\t\t\t\t\t\t\t\t\t\t\t\t\t<\/div>\n\t\t\t\t\t\t\t\t\t\t\t\t\t<\/div>\n\t\t\t\t\t<\/div>\n\t\t\t\t\t\t\t\t\t<div class=\"elementor-grid-item\">\n\t\t\t\t\t\t<div class=\"elementor-share-btn elementor-share-btn_email\">\n\t\t\t\t\t\t\t\t\t\t\t\t\t\t\t<span class=\"elementor-share-btn__icon\">\n\t\t\t\t\t\t\t\t<i class=\"fas fa-envelope\"\n\t\t\t\t\t\t\t\t   aria-hidden=\"true\"><\/i>\n\t\t\t\t\t\t\t\t<span\n\t\t\t\t\t\t\t\t\tclass=\"elementor-screen-only\">Share on email<\/span>\n\t\t\t\t\t\t\t<\/span>\n\t\t\t\t\t\t\t\t\t\t\t\t\t\t\t\t\t\t\t\t\t\t<div class=\"elementor-share-btn__text\">\n\t\t\t\t\t\t\t\t\t\t\t\t\t\t\t\t\t\t\t<span class=\"elementor-share-btn__title\">\n\t\t\t\t\t\t\t\t\t\tEmail\t\t\t\t\t\t\t\t\t<\/span>\n\t\t\t\t\t\t\t\t\t\t\t\t\t\t\t\t\t<\/div>\n\t\t\t\t\t\t\t\t\t\t\t\t\t<\/div>\n\t\t\t\t\t<\/div>\n\t\t\t\t\t\t\t\t\t<div class=\"elementor-grid-item\">\n\t\t\t\t\t\t<div class=\"elementor-share-btn elementor-share-btn_whatsapp\">\n\t\t\t\t\t\t\t\t\t\t\t\t\t\t\t<span class=\"elementor-share-btn__icon\">\n\t\t\t\t\t\t\t\t<i class=\"fab fa-whatsapp\"\n\t\t\t\t\t\t\t\t   aria-hidden=\"true\"><\/i>\n\t\t\t\t\t\t\t\t<span\n\t\t\t\t\t\t\t\t\tclass=\"elementor-screen-only\">Share on whatsapp<\/span>\n\t\t\t\t\t\t\t<\/span>\n\t\t\t\t\t\t\t\t\t\t\t\t\t\t\t\t\t\t\t\t\t\t<div class=\"elementor-share-btn__text\">\n\t\t\t\t\t\t\t\t\t\t\t\t\t\t\t\t\t\t\t<span class=\"elementor-share-btn__title\">\n\t\t\t\t\t\t\t\t\t\tWhatsApp\t\t\t\t\t\t\t\t\t<\/span>\n\t\t\t\t\t\t\t\t\t\t\t\t\t\t\t\t\t<\/div>\n\t\t\t\t\t\t\t\t\t\t\t\t\t<\/div>\n\t\t\t\t\t<\/div>\n\t\t\t\t\t\t<\/div>\n\t\t\t\t<\/div>\n\t\t\t\t<\/div>\n\t\t\t\t\t\t<\/div>\n\t\t\t\t\t<\/div>\n\t\t<\/div>\n\t\t\t\t\t\t\t\t<\/div>\n\t\t\t\t\t<\/div>\n\t\t<\/section>\n\t\t\t\t\t\t<\/div>\n\t\t\t\t\t\t<\/div>\n\t\t\t\t\t<\/div>\n\t\t","protected":false},"excerpt":{"rendered":"<p>\u2018PD Benalm\u00e1dena\u2019 en ORC 2, \u2018D6\u2019 en ORC 3 y \u2018Silver Fox\u2019 en ORC 4-5, primeros l\u00edderes en la Costa del Sol Fuente: M\u00e1laga Sailing Cup El primer d\u00eda de la regata M\u00e1laga Sailing Cup 2020, sexta y \u00faltima prueba&#8230; <a class=\"more-link\" href=\"https:\/\/www.regatacrucero.com\/index.php\/2020\/09\/04\/malaga-sailing-cup\/\">Seguir leyendo &rarr;<\/a><\/p>\n","protected":false},"author":2,"featured_media":2237,"comment_status":"closed","ping_status":"closed","sticky":false,"template":"","format":"standard","meta":{"_monsterinsights_skip_tracking":false,"_monsterinsights_sitenote_active":false,"_monsterinsights_sitenote_note":"","_monsterinsights_sitenote_category":0,"footnotes":""},"categories":[1],"tags":[],"class_list":["post-2235","post","type-post","status-publish","format-standard","has-post-thumbnail","hentry","category-uncategorized"],"_links":{"self":[{"href":"https:\/\/www.regatacrucero.com\/index.php\/wp-json\/wp\/v2\/posts\/2235","targetHints":{"allow":["GET"]}}],"collection":[{"href":"https:\/\/www.regatacrucero.com\/index.php\/wp-json\/wp\/v2\/posts"}],"about":[{"href":"https:\/\/www.regatacrucero.com\/index.php\/wp-json\/wp\/v2\/types\/post"}],"author":[{"embeddable":true,"href":"https:\/\/www.regatacrucero.com\/index.php\/wp-json\/wp\/v2\/users\/2"}],"replies":[{"embeddable":true,"href":"https:\/\/www.regatacrucero.com\/index.php\/wp-json\/wp\/v2\/comments?post=2235"}],"version-history":[{"count":4,"href":"https:\/\/www.regatacrucero.com\/index.php\/wp-json\/wp\/v2\/posts\/2235\/revisions"}],"predecessor-version":[{"id":2241,"href":"https:\/\/www.regatacrucero.com\/index.php\/wp-json\/wp\/v2\/posts\/2235\/revisions\/2241"}],"wp:featuredmedia":[{"embeddable":true,"href":"https:\/\/www.regatacrucero.com\/index.php\/wp-json\/wp\/v2\/media\/2237"}],"wp:attachment":[{"href":"https:\/\/www.regatacrucero.com\/index.php\/wp-json\/wp\/v2\/media?parent=2235"}],"wp:term":[{"taxonomy":"category","embeddable":true,"href":"https:\/\/www.regatacrucero.com\/index.php\/wp-json\/wp\/v2\/categories?post=2235"},{"taxonomy":"post_tag","embeddable":true,"href":"https:\/\/www.regatacrucero.com\/index.php\/wp-json\/wp\/v2\/tags?post=2235"}],"curies":[{"name":"wp","href":"https:\/\/api.w.org\/{rel}","templated":true}]}}