{"id":2242,"date":"2020-09-06T10:51:28","date_gmt":"2020-09-06T08:51:28","guid":{"rendered":"http:\/\/www.regatacrucero.com\/?p=2242"},"modified":"2020-09-06T10:53:04","modified_gmt":"2020-09-06T08:53:04","slug":"malaga-sailing-cup-2","status":"publish","type":"post","link":"https:\/\/www.regatacrucero.com\/index.php\/2020\/09\/06\/malaga-sailing-cup-2\/","title":{"rendered":"M\u00e1laga Sailing Cup"},"content":{"rendered":"\t\t<div data-elementor-type=\"wp-post\" data-elementor-id=\"2242\" class=\"elementor elementor-2242\" data-elementor-settings=\"[]\">\n\t\t\t\t\t\t<div class=\"elementor-inner\">\n\t\t\t\t\t\t\t<div class=\"elementor-section-wrap\">\n\t\t\t\t\t\t\t<section class=\"elementor-section elementor-top-section elementor-element elementor-element-960908c elementor-section-boxed elementor-section-height-default elementor-section-height-default\" data-id=\"960908c\" data-element_type=\"section\">\n\t\t\t\t\t\t<div class=\"elementor-container elementor-column-gap-default\">\n\t\t\t\t\t\t\t<div class=\"elementor-row\">\n\t\t\t\t\t<div class=\"elementor-column elementor-col-100 elementor-top-column elementor-element elementor-element-d35fd5d\" data-id=\"d35fd5d\" data-element_type=\"column\">\n\t\t\t<div class=\"elementor-column-wrap elementor-element-populated\">\n\t\t\t\t\t\t\t<div class=\"elementor-widget-wrap\">\n\t\t\t\t\t\t<div class=\"elementor-element elementor-element-727b446 elementor-widget elementor-widget-text-editor\" data-id=\"727b446\" data-element_type=\"widget\" data-widget_type=\"text-editor.default\">\n\t\t\t\t<div class=\"elementor-widget-container\">\n\t\t\t\t\t\t\t\t<div class=\"elementor-text-editor elementor-clearfix\">\n\t\t\t\t\t<p><strong>PD Benalm\u00e1dena, Silver Fox y Delandavalo, protagonistas en la segunda jornada en la bah\u00eda malague\u00f1a.<\/strong><\/p><p>La regata M\u00e1laga Sailing Cup cerr\u00f3 su segunda jornada con una t\u00f3nica similar a la inaugural en lo que a viento se refiere, con la celebraci\u00f3n de una de las dos pruebas previstas que comenzaba a la una del mediod\u00eda desde La Marina del Real Club Mediterr\u00e1neo.<br \/><br \/>La regata, puntuable para la Copa de Espa\u00f1a de Cruceros ORC y el Campeonato de Andaluc\u00eda de Crucero Circuito, vivi\u00f3 una apasionante prueba que deja las clasificaciones con mucho que decidir ma\u00f1ana domingo en la jornada que pondr\u00e1 el broche a la M\u00e1laga Sailing Cup 2020.<br \/><br \/>En categor\u00eda ORC 2 de nuevo la prueba fue para el Puerto Deportivo Benalm\u00e1dena, que invirti\u00f3 un tiempo de 01:07:01 horas para completar el recorrido. Por su parte, en la categor\u00eda ORC 3 el Delandavalo logr\u00f3 cruzar la l\u00ednea de llegada en 01:20:00 horas y se llev\u00f3 el triunfo del s\u00e1bado. En categor\u00eda ORC 4-5, al igual que ayer, lograba el triunfo el Silver Fox. La embarcaci\u00f3n del Real Club Mediterr\u00e1neo consigui\u00f3 un tiempo de 01:32:11 para llevarse la segunda prueba de la M\u00e1laga Sailing Cup 2020.<\/p><p>Los resultados de esta segunda jornada deja la clasificaci\u00f3n general con los siguientes l\u00edderes: Puerto Deportivo Benalm\u00e1dena (ORC 2), De 6 (ORC 3) y Silver Fox (ORC 4-5).<br \/><br \/>El patr\u00f3n de la embarcaci\u00f3n Puerto Deportivo Benalm\u00e1dena, Daniel Cuevas, se\u00f1al\u00f3 que \u201clas sensaciones han sido muy buenas, somos un equipo que llevamos diez a\u00f1os juntos y vamos bastante compenetrados. Creo que con los dos triunfos tenemos m\u00e1s amarrado el triunfo, aunque nunca se sabe y hasta el \u00faltimo d\u00eda no se puede decir nada\u201d. \u201cHa estado lo justo para hacer una prueba y nos hemos quedado con ganas de otra pero no se han dado las circunstancias para poder hacerla\u201d, conluy\u00f3 Cuevas.<\/p><p>Unas buenas sensaciones que tambi\u00e9n comparten en la embarcaci\u00f3n de clase ORC 3 Delandavalo y as\u00ed lo expres\u00f3 Nacho Montes: \u201cHemos conseguido acabar primeros en la prueba y nos ponemos segundos en la general. Nos hemos quedado con ganas de poder disfrutar de otra, pero ha sido un d\u00eda muy bonito y hemos disfrutado\u201d.<\/p><p>La segunda edici\u00f3n de la M\u00e1laga Sailing Cup afronta el domingo su \u00faltima jornada, competici\u00f3n organizada por Eventos N\u00e1uticos Costa del Sol y el Real Club Mediterr\u00e1neo y cuenta con la colaboraci\u00f3n de la Diputaci\u00f3n Provincial de M\u00e1laga, el Ayuntamiento de M\u00e1laga y la Federaci\u00f3n Andaluza de Vela.<\/p>\t\t\t\t\t<\/div>\n\t\t\t\t\t\t<\/div>\n\t\t\t\t<\/div>\n\t\t\t\t\t\t<\/div>\n\t\t\t\t\t<\/div>\n\t\t<\/div>\n\t\t\t\t\t\t\t\t<\/div>\n\t\t\t\t\t<\/div>\n\t\t<\/section>\n\t\t\t\t<section class=\"elementor-section elementor-top-section elementor-element elementor-element-7a2fe41 elementor-section-boxed elementor-section-height-default elementor-section-height-default\" data-id=\"7a2fe41\" data-element_type=\"section\">\n\t\t\t\t\t\t<div class=\"elementor-container elementor-column-gap-default\">\n\t\t\t\t\t\t\t<div class=\"elementor-row\">\n\t\t\t\t\t<div class=\"elementor-column elementor-col-100 elementor-top-column elementor-element elementor-element-de4b7b6\" data-id=\"de4b7b6\" data-element_type=\"column\">\n\t\t\t<div class=\"elementor-column-wrap elementor-element-populated\">\n\t\t\t\t\t\t\t<div class=\"elementor-widget-wrap\">\n\t\t\t\t\t\t<div class=\"elementor-element elementor-element-763949a elementor-share-buttons--view-icon-text elementor-share-buttons--skin-gradient elementor-share-buttons--shape-square elementor-grid-0 elementor-share-buttons--color-official elementor-widget elementor-widget-share-buttons\" data-id=\"763949a\" data-element_type=\"widget\" data-widget_type=\"share-buttons.default\">\n\t\t\t\t<div class=\"elementor-widget-container\">\n\t\t\t\t\t<div class=\"elementor-grid\">\n\t\t\t\t\t\t\t\t<div class=\"elementor-grid-item\">\n\t\t\t\t\t\t<div class=\"elementor-share-btn elementor-share-btn_facebook\">\n\t\t\t\t\t\t\t\t\t\t\t\t\t\t\t<span class=\"elementor-share-btn__icon\">\n\t\t\t\t\t\t\t\t<i class=\"fab fa-facebook\"\n\t\t\t\t\t\t\t\t   aria-hidden=\"true\"><\/i>\n\t\t\t\t\t\t\t\t<span\n\t\t\t\t\t\t\t\t\tclass=\"elementor-screen-only\">Share on facebook<\/span>\n\t\t\t\t\t\t\t<\/span>\n\t\t\t\t\t\t\t\t\t\t\t\t\t\t\t\t\t\t\t\t\t\t<div class=\"elementor-share-btn__text\">\n\t\t\t\t\t\t\t\t\t\t\t\t\t\t\t\t\t\t\t<span class=\"elementor-share-btn__title\">\n\t\t\t\t\t\t\t\t\t\tFacebook\t\t\t\t\t\t\t\t\t<\/span>\n\t\t\t\t\t\t\t\t\t\t\t\t\t\t\t\t\t<\/div>\n\t\t\t\t\t\t\t\t\t\t\t\t\t<\/div>\n\t\t\t\t\t<\/div>\n\t\t\t\t\t\t\t\t\t<div class=\"elementor-grid-item\">\n\t\t\t\t\t\t<div class=\"elementor-share-btn elementor-share-btn_email\">\n\t\t\t\t\t\t\t\t\t\t\t\t\t\t\t<span class=\"elementor-share-btn__icon\">\n\t\t\t\t\t\t\t\t<i class=\"fas fa-envelope\"\n\t\t\t\t\t\t\t\t   aria-hidden=\"true\"><\/i>\n\t\t\t\t\t\t\t\t<span\n\t\t\t\t\t\t\t\t\tclass=\"elementor-screen-only\">Share on email<\/span>\n\t\t\t\t\t\t\t<\/span>\n\t\t\t\t\t\t\t\t\t\t\t\t\t\t\t\t\t\t\t\t\t\t<div class=\"elementor-share-btn__text\">\n\t\t\t\t\t\t\t\t\t\t\t\t\t\t\t\t\t\t\t<span class=\"elementor-share-btn__title\">\n\t\t\t\t\t\t\t\t\t\tEmail\t\t\t\t\t\t\t\t\t<\/span>\n\t\t\t\t\t\t\t\t\t\t\t\t\t\t\t\t\t<\/div>\n\t\t\t\t\t\t\t\t\t\t\t\t\t<\/div>\n\t\t\t\t\t<\/div>\n\t\t\t\t\t\t\t\t\t<div class=\"elementor-grid-item\">\n\t\t\t\t\t\t<div class=\"elementor-share-btn elementor-share-btn_whatsapp\">\n\t\t\t\t\t\t\t\t\t\t\t\t\t\t\t<span class=\"elementor-share-btn__icon\">\n\t\t\t\t\t\t\t\t<i class=\"fab fa-whatsapp\"\n\t\t\t\t\t\t\t\t   aria-hidden=\"true\"><\/i>\n\t\t\t\t\t\t\t\t<span\n\t\t\t\t\t\t\t\t\tclass=\"elementor-screen-only\">Share on whatsapp<\/span>\n\t\t\t\t\t\t\t<\/span>\n\t\t\t\t\t\t\t\t\t\t\t\t\t\t\t\t\t\t\t\t\t\t<div class=\"elementor-share-btn__text\">\n\t\t\t\t\t\t\t\t\t\t\t\t\t\t\t\t\t\t\t<span class=\"elementor-share-btn__title\">\n\t\t\t\t\t\t\t\t\t\tWhatsApp\t\t\t\t\t\t\t\t\t<\/span>\n\t\t\t\t\t\t\t\t\t\t\t\t\t\t\t\t\t<\/div>\n\t\t\t\t\t\t\t\t\t\t\t\t\t<\/div>\n\t\t\t\t\t<\/div>\n\t\t\t\t\t\t<\/div>\n\t\t\t\t<\/div>\n\t\t\t\t<\/div>\n\t\t\t\t\t\t<\/div>\n\t\t\t\t\t<\/div>\n\t\t<\/div>\n\t\t\t\t\t\t\t\t<\/div>\n\t\t\t\t\t<\/div>\n\t\t<\/section>\n\t\t\t\t\t\t<\/div>\n\t\t\t\t\t\t<\/div>\n\t\t\t\t\t<\/div>\n\t\t","protected":false},"excerpt":{"rendered":"<p>PD Benalm\u00e1dena, Silver Fox y Delandavalo, protagonistas en la segunda jornada en la bah\u00eda malague\u00f1a. La regata M\u00e1laga Sailing Cup cerr\u00f3 su segunda jornada con una t\u00f3nica similar a la inaugural en lo que a viento se refiere, con la&#8230; <a class=\"more-link\" href=\"https:\/\/www.regatacrucero.com\/index.php\/2020\/09\/06\/malaga-sailing-cup-2\/\">Seguir leyendo &rarr;<\/a><\/p>\n","protected":false},"author":2,"featured_media":2244,"comment_status":"closed","ping_status":"closed","sticky":false,"template":"","format":"standard","meta":{"_monsterinsights_skip_tracking":false,"_monsterinsights_sitenote_active":false,"_monsterinsights_sitenote_note":"","_monsterinsights_sitenote_category":0,"footnotes":""},"categories":[1],"tags":[],"class_list":["post-2242","post","type-post","status-publish","format-standard","has-post-thumbnail","hentry","category-uncategorized"],"_links":{"self":[{"href":"https:\/\/www.regatacrucero.com\/index.php\/wp-json\/wp\/v2\/posts\/2242","targetHints":{"allow":["GET"]}}],"collection":[{"href":"https:\/\/www.regatacrucero.com\/index.php\/wp-json\/wp\/v2\/posts"}],"about":[{"href":"https:\/\/www.regatacrucero.com\/index.php\/wp-json\/wp\/v2\/types\/post"}],"author":[{"embeddable":true,"href":"https:\/\/www.regatacrucero.com\/index.php\/wp-json\/wp\/v2\/users\/2"}],"replies":[{"embeddable":true,"href":"https:\/\/www.regatacrucero.com\/index.php\/wp-json\/wp\/v2\/comments?post=2242"}],"version-history":[{"count":4,"href":"https:\/\/www.regatacrucero.com\/index.php\/wp-json\/wp\/v2\/posts\/2242\/revisions"}],"predecessor-version":[{"id":2247,"href":"https:\/\/www.regatacrucero.com\/index.php\/wp-json\/wp\/v2\/posts\/2242\/revisions\/2247"}],"wp:featuredmedia":[{"embeddable":true,"href":"https:\/\/www.regatacrucero.com\/index.php\/wp-json\/wp\/v2\/media\/2244"}],"wp:attachment":[{"href":"https:\/\/www.regatacrucero.com\/index.php\/wp-json\/wp\/v2\/media?parent=2242"}],"wp:term":[{"taxonomy":"category","embeddable":true,"href":"https:\/\/www.regatacrucero.com\/index.php\/wp-json\/wp\/v2\/categories?post=2242"},{"taxonomy":"post_tag","embeddable":true,"href":"https:\/\/www.regatacrucero.com\/index.php\/wp-json\/wp\/v2\/tags?post=2242"}],"curies":[{"name":"wp","href":"https:\/\/api.w.org\/{rel}","templated":true}]}}